[{"@context":"https:\/\/schema.org\/","@type":"Article","@id":"https:\/\/www.pavaon.cz\/kdy-do-duchodu\/#Article","mainEntityOfPage":"https:\/\/www.pavaon.cz\/kdy-do-duchodu\/","headline":"Kdy do d\u016fchodu","name":"Kdy do d\u016fchodu","description":"odchod do d\u016fchodu Ohledn\u011b ot\u00e1zky odchod do d\u016fchodu se v dne\u0161n\u00ed dob\u011b vyno\u0159ilo ji\u017e n\u011bkolik vtip\u016f &#8211; ne-li n\u011bkolik des\u00edtek \u010di stovek vtip\u016f. Mo\u017en\u00e1 jste i vy vid\u011bli obr\u00e1zek n\u011bkolika mu\u017e\u016f; cca kolem 70ky sed\u00edc\u00edch na lavi\u010dce v parku, kdy se jeden dr\u017e\u00ed za hlavu a \u0159\u00edk\u00e1: \u201cJe\u017ei\u0161marj\u00e1, j\u00e1 zapomn\u011bl &#8211; j\u00e1 m\u00e1m dneska no\u010dn\u00ed!\u201d&hellip; <a href=\"https:\/\/www.pavaon.cz\/kdy-do-duchodu\/\" class=\"more-link\">Continue reading <span class=\"screen-reader-text\">Kdy do d\u016fchodu<\/span><\/a>","datePublished":"2025-03-15","dateModified":"2025-03-15","author":{"@type":"Person","@id":"https:\/\/www.pavaon.cz\/author\/#Person","name":"","url":"https:\/\/www.pavaon.cz\/author\/","identifier":1,"image":{"@type":"ImageObject","@id":"https:\/\/secure.gravatar.com\/avatar\/dac37d998cdbc92cc7ee5d23d4d689a369122af40c5450007470acab45b61d68?s=96&d=mm&r=g","url":"https:\/\/secure.gravatar.com\/avatar\/dac37d998cdbc92cc7ee5d23d4d689a369122af40c5450007470acab45b61d68?s=96&d=mm&r=g","height":96,"width":96}},"publisher":{"@type":"Organization","name":"pavaon.cz","logo":{"@type":"ImageObject","@id":"\/logo.png","url":"\/logo.png","width":600,"height":60}},"url":"https:\/\/www.pavaon.cz\/kdy-do-duchodu\/","wordCount":200,"articleBody":" odchod do d\u016fchodu Ohledn\u011b ot\u00e1zky odchod do d\u016fchodu se v dne\u0161n\u00ed dob\u011b vyno\u0159ilo ji\u017e n\u011bkolik vtip\u016f &#8211; ne-li n\u011bkolik des\u00edtek \u010di stovek vtip\u016f. Mo\u017en\u00e1 jste i vy vid\u011bli obr\u00e1zek n\u011bkolika mu\u017e\u016f; cca kolem 70ky sed\u00edc\u00edch na lavi\u010dce v parku, kdy se jeden dr\u017e\u00ed za hlavu a \u0159\u00edk\u00e1: \u201cJe\u017ei\u0161marj\u00e1, j\u00e1 zapomn\u011bl &#8211; j\u00e1 m\u00e1m dneska no\u010dn\u00ed!\u201d Je to vtipn\u00e9 a smutn\u00e9 z\u00e1rove\u0148 &#8211; ov\u0161em my si m\u016f\u017eeme oddychnout, \u017ee to je opravdu jen vtip. Nechte si pomoci od profesion\u00e1ln\u011b vy\u0161kolen\u00fdch lid\u00ed v t\u00e9to oblasti, pokud se i vy tr\u00e1p\u00edte ot\u00e1zkou odchod do d\u016fchodu. Zde v\u00e1m porad\u00ed, vypo\u010d\u00edtaj\u00ed v\u00fd\u0161ku d\u016fchodu a dal\u0161\u00ed &#8211; a vy tak budete v\u011bd\u011bt, zda si m\u00e1te je\u0161t\u011b po\u0159\u00e1dn\u011b \u0161et\u0159it, anebo si pen\u00edze u\u017e jen u\u017e\u00edvat. D\u016fchodov\u00fd v\u011bk V d\u016fchodu si \u010dlov\u011bk p\u0159ece u\u017e\u00edv\u00e1, to jste je\u0161t\u011b nesly\u0161eli? Tak se p\u0159esta\u0148te tr\u00e1pit ot\u00e1zkou, kdy do d\u016fchodu; rad\u011bji se \u201ctrapte\u201d ot\u00e1zkou &#8211; co v d\u016fchodu?                                                                                                                                                                                                                                                                                                                                                                                                "},{"@context":"https:\/\/schema.org\/","@type":"BreadcrumbList","itemListElement":[{"@type":"ListItem","position":1,"name":"Kdy do d\u016fchodu","item":"https:\/\/www.pavaon.cz\/kdy-do-duchodu\/#breadcrumbitem"}]}]