[{"@context":"https:\/\/schema.org\/","@type":"Article","@id":"https:\/\/www.pavaon.cz\/krasa-v-kolagenu\/#Article","mainEntityOfPage":"https:\/\/www.pavaon.cz\/krasa-v-kolagenu\/","headline":"Kr\u00e1sa v kolagenu","name":"Kr\u00e1sa v kolagenu","description":"Tak\u00e9 n\u011bkdy u\u017e p\u0159em\u00fd\u0161l\u00edte, \u017ee byste pro sv\u00e9 zdrav\u00ed a tak\u00e9 pro sv\u016fj vzhled mohli ud\u011blat v\u00edce? Pokud ano, tak p\u0159edpokl\u00e1d\u00e1m, \u017ee asi budete u\u017e u\u017e\u00edvat n\u011bjak\u00e9 potravinov\u00e9 dopl\u0148ky. Abych se p\u0159iznala tak j\u00e1 potravinov\u00e9 dopl\u0148ky u\u017e\u00edv\u00e1m u\u017e sedm\u00fdm rokem a mus\u00edm uznat, \u017ee jsem velice spokojen\u00e1. U\u017e\u00edv\u00e1m vitam\u00edn B a tak\u00e9 zinek a v&hellip; <a href=\"https:\/\/www.pavaon.cz\/krasa-v-kolagenu\/\" class=\"more-link\">Continue reading <span class=\"screen-reader-text\">Kr\u00e1sa v kolagenu<\/span><\/a>","datePublished":"2023-10-30","dateModified":"2023-11-30","author":{"@type":"Person","@id":"https:\/\/www.pavaon.cz\/author\/#Person","name":"","url":"https:\/\/www.pavaon.cz\/author\/","identifier":1,"image":{"@type":"ImageObject","@id":"https:\/\/secure.gravatar.com\/avatar\/dac37d998cdbc92cc7ee5d23d4d689a369122af40c5450007470acab45b61d68?s=96&d=mm&r=g","url":"https:\/\/secure.gravatar.com\/avatar\/dac37d998cdbc92cc7ee5d23d4d689a369122af40c5450007470acab45b61d68?s=96&d=mm&r=g","height":96,"width":96}},"publisher":{"@type":"Organization","name":"pavaon.cz","logo":{"@type":"ImageObject","@id":"\/logo.png","url":"\/logo.png","width":600,"height":60}},"image":{"@type":"ImageObject","@id":"https:\/\/www.pavaon.cz\/wp-content\/uploads\/girl-803409_1280.jpg","url":"https:\/\/www.pavaon.cz\/wp-content\/uploads\/girl-803409_1280.jpg","height":0,"width":0},"url":"https:\/\/www.pavaon.cz\/krasa-v-kolagenu\/","about":["Byznys"],"wordCount":420,"articleBody":"   Tak\u00e9 n\u011bkdy u\u017e p\u0159em\u00fd\u0161l\u00edte, \u017ee byste pro sv\u00e9 zdrav\u00ed a tak\u00e9 pro sv\u016fj vzhled mohli ud\u011blat v\u00edce? Pokud ano, tak p\u0159edpokl\u00e1d\u00e1m, \u017ee asi budete u\u017e u\u017e\u00edvat n\u011bjak\u00e9 potravinov\u00e9 dopl\u0148ky. Abych se p\u0159iznala tak j\u00e1 potravinov\u00e9 dopl\u0148ky u\u017e\u00edv\u00e1m u\u017e sedm\u00fdm rokem a mus\u00edm uznat, \u017ee jsem velice spokojen\u00e1. U\u017e\u00edv\u00e1m vitam\u00edn B a tak\u00e9 zinek a v posledn\u00edch dvou letech tak\u00e9 u\u017e\u00edv\u00e1m opravdu kvalitn\u00ed kolagen. Jsem r\u00e1da, \u017ee pr\u00e1v\u011b kolagen zp\u016fsobuje to, \u017ee t\u011blu dopln\u00ed pr\u00e1v\u011b zm\u00edn\u011bn\u00fd kolagen, kter\u00fd v\u011bkem ch\u00e1tr\u00e1. A kolagen tak\u00e9 zp\u016fsob\u00ed to, \u017ee k\u016f\u017ee, hlavn\u011b na pleti bude v\u00edce pru\u017en\u00e1 a tak\u00e9 hydratovan\u00e1 a budou se na n\u00ed logicky potom d\u011blat tak\u00e9 m\u00e9n\u011b vr\u00e1sky. Nesn\u00e1\u0161\u00edm vr\u00e1sky, nezn\u00e1m v\u016fbec \u017e\u00e1dn\u00e9ho \u010dlov\u011bka, kter\u00fd by mi \u0159ekl, \u017ee se t\u011b\u0161\u00ed, a\u017e bude m\u00edt vr\u00e1sky.I kdy\u017e mnoho lid\u00ed um\u00ed st\u00e1rnout s gr\u00e1ci\u00ed, a dokonce tak\u00e9 n\u011bkte\u0159\u00ed lid\u00e9 \u0159\u00edkaj\u00ed, \u017ee by se necht\u011bli v\u016fbec upravovat, \u017ee prost\u011b vr\u00e1sky si nechaj\u00ed a \u0161ediv\u00e9 vlasy tak\u00e9. Tohle rozhodn\u011b nen\u00ed m\u016fj p\u0159\u00edpad. Proto jsem r\u00e1da, \u017ee jsou r\u016fzn\u00e9 webov\u00e9 str\u00e1nky, kde jsou aktuality. Jsem moc r\u00e1da, \u017ee tak\u00e9 nav\u0161t\u011bvuji str\u00e1nku orca kolagen, kde m\u00e1m\u011b n\u00e1\u0161 blok aktualit a pr\u00e1v\u011b na tento blok aktualit opravdu chod\u00edm \u010dasto, abych se pod\u00edvala, co je nov\u00e9ho a abych t\u0159eba mohla tak\u00e9 n\u011bco vyzkou\u0161et. Moc r\u00e1da zkou\u0161\u00edm r\u016fzn\u00e9 potravinov\u00e9 dopl\u0148ky. Naposledy jsem m\u011bla pr\u00e1v\u011b orka kolagen a mus\u00edm uznat, \u017ee je to asi to ten nejlep\u0161\u00ed kolagen, kter\u00fd jsem za posledn\u00ed roky m\u011bla. \u0158ekla jsem si, \u017ee kdy\u017e te\u010fka budou V\u00e1noce, \u017ee bych tento orka kolagen tak\u00e9 mohla po\u0159\u00eddit svoj\u00ed mamince a potom bych j\u00ed tak\u00e9 dala odkaz, aby se pod\u00edvala na r\u016fzn\u00fd blok aktualit. Proto\u017ee moje maminka tak\u00e9 pe\u010duje o kr\u00e1su a tak\u00e9 si kupuje r\u016fzn\u00e9 potravinov\u00e9 dopl\u0148ky. A m\u011bla mo\u0159sk\u00fd kolagen. Mysl\u00edm si, \u017ee pr\u00e1v\u011b s t\u00edmto orka kolagenem by byla velice v\u00edce ne\u017e spokojen\u00e1, tak si mysl\u00edm, \u017ee kdybych j\u00ed tohle dala pod strome\u010dek, \u017ee bych t\u0159eba v u\u017e\u00edv\u00e1n\u00ed orka kolagenu tak\u00e9 pokra\u010dovala.                                                                                                                                                                                                                                                                                                                                                                                           3.6\/5 - (5 votes)        "},{"@context":"https:\/\/schema.org\/","@type":"BreadcrumbList","itemListElement":[{"@type":"ListItem","position":1,"name":"Kr\u00e1sa v kolagenu","item":"https:\/\/www.pavaon.cz\/krasa-v-kolagenu\/#breadcrumbitem"}]}]