[{"@context":"https:\/\/schema.org\/","@type":"Article","@id":"https:\/\/www.pavaon.cz\/pracujte-rychleji-i-vyhodneji\/#Article","mainEntityOfPage":"https:\/\/www.pavaon.cz\/pracujte-rychleji-i-vyhodneji\/","headline":"Pracujte rychleji i v\u00fdhodn\u011bji","name":"Pracujte rychleji i v\u00fdhodn\u011bji","description":"Pokud nejste v po\u010d\u00edta\u010d\u00edch a po\u010d\u00edta\u010dov\u00fdch s\u00edt\u00edch pr\u00e1v\u011b zb\u011bhl\u00ed, mo\u017en\u00e1 o takov\u00e9 mo\u017enosti ani netu\u0161\u00edte, ale v\u0161echno ohledn\u011b spr\u00e1vy va\u0161\u00ed podnikov\u00e9 s\u00edt\u011b nemus\u00edte \u0159e\u0161it vy, jako firma, ale lid\u00e9 \u2013 firma, v\u00e1mi najat\u00e1. Ne ve smyslu, \u017ee jejich pracovn\u00edci naklu\u0161ou do va\u0161\u00ed fabriky, ale formou pron\u00e1jmu. Je to forma pron\u00e1jmu vlastn\u00edho dedikovan\u00e9ho procesoru, ale na&hellip; <a href=\"https:\/\/www.pavaon.cz\/pracujte-rychleji-i-vyhodneji\/\" class=\"more-link\">Continue reading <span class=\"screen-reader-text\">Pracujte rychleji i v\u00fdhodn\u011bji<\/span><\/a>","datePublished":"2024-12-13","dateModified":"2024-12-13","author":{"@type":"Person","@id":"https:\/\/www.pavaon.cz\/author\/#Person","name":"","url":"https:\/\/www.pavaon.cz\/author\/","identifier":1,"image":{"@type":"ImageObject","@id":"https:\/\/secure.gravatar.com\/avatar\/dac37d998cdbc92cc7ee5d23d4d689a369122af40c5450007470acab45b61d68?s=96&d=mm&r=g","url":"https:\/\/secure.gravatar.com\/avatar\/dac37d998cdbc92cc7ee5d23d4d689a369122af40c5450007470acab45b61d68?s=96&d=mm&r=g","height":96,"width":96}},"publisher":{"@type":"Organization","name":"pavaon.cz","logo":{"@type":"ImageObject","@id":"\/logo.png","url":"\/logo.png","width":600,"height":60}},"url":"https:\/\/www.pavaon.cz\/pracujte-rychleji-i-vyhodneji\/","wordCount":178,"articleBody":" Pokud nejste v po\u010d\u00edta\u010d\u00edch a po\u010d\u00edta\u010dov\u00fdch s\u00edt\u00edch pr\u00e1v\u011b zb\u011bhl\u00ed, mo\u017en\u00e1 o takov\u00e9 mo\u017enosti ani netu\u0161\u00edte, ale v\u0161echno ohledn\u011b spr\u00e1vy va\u0161\u00ed podnikov\u00e9 s\u00edt\u011b nemus\u00edte \u0159e\u0161it vy, jako firma, ale lid\u00e9 \u2013 firma, v\u00e1mi najat\u00e1. Ne ve smyslu, \u017ee jejich pracovn\u00edci naklu\u0161ou do va\u0161\u00ed fabriky, ale formou pron\u00e1jmu. Je to forma pron\u00e1jmu vlastn\u00edho dedikovan\u00e9ho procesoru, ale na vy\u0161\u0161\u00ed \u00farovni, kdy se sou\u010dasn\u011b s pron\u00e1jmem a z\u00e1kladn\u00ed konfigurac\u00ed nav\u00edc pronaj\u00edmatel star\u00e1 o ve\u0161ker\u00fd provoz a \u00fadr\u017ebu va\u0161eho syst\u00e9mu \u2013 tedy alespo\u0148 co se t\u00fdk\u00e1 centr\u00e1ln\u00edho procesoru va\u0161\u00ed firmy, nebo organizace. Tato slu\u017eba se ozna\u010duje jako managed server. Pro koho to je? Nejen pro firmy, ale i nejr\u016fzn\u011bj\u0161\u00ed ve\u0159ejn\u00e9 organizace, \u00fa\u0159ady, kulturn\u00ed \u010di obecn\u011b prosp\u011b\u0161n\u00e9 spole\u010dnosti, kter\u00e9 mohou pot\u0159ebovat v n\u011bkter\u00fdch p\u0159\u00edpadech i rozs\u00e1hlej\u0161\u00ed po\u010d\u00edta\u010dov\u00fd syst\u00e9m pro sv\u00e9 dobr\u00e9 fungov\u00e1n\u00ed.                                                                                                                                                                                                                                                                                                                                                                                        4\/5 - (3 votes)        "},{"@context":"https:\/\/schema.org\/","@type":"BreadcrumbList","itemListElement":[{"@type":"ListItem","position":1,"name":"Pracujte rychleji i v\u00fdhodn\u011bji","item":"https:\/\/www.pavaon.cz\/pracujte-rychleji-i-vyhodneji\/#breadcrumbitem"}]}]