[{"@context":"https:\/\/schema.org\/","@type":"Article","@id":"https:\/\/www.pavaon.cz\/rozmery-a-zase-ty-rozmery\/#Article","mainEntityOfPage":"https:\/\/www.pavaon.cz\/rozmery-a-zase-ty-rozmery\/","headline":"Rozm\u011bry a zase ty rozm\u011bry","name":"Rozm\u011bry a zase ty rozm\u011bry","description":"U\u017e v\u00e1s nebav\u00ed chodit po Ikei a p\u0159em\u011b\u0159ovat rozm\u011bry ka\u017ed\u00e9 sk\u0159\u00ed\u0148ky, digesto\u0159e nebo spor\u00e1ku? Kdo by to pak tak\u00e9 cht\u011bl montovat? Po\u010d\u00edtat \u0161roubek po \u0161roubku a na konci zjistit, \u017ee jeden p\u0159eb\u00fdv\u00e1. Nebo je\u0161t\u011b h\u016f\u0159e \u2013 jeden v\u00e1m do skl\u00e1da\u010dky chyb\u00ed. My bo\u0159\u00edme omezen\u00ed rozm\u011brov\u00fdmi \u0159adami u sektorov\u00fdch kuchyn\u00ed. Vyrob\u00edme v\u00e1m kuchy\u0148 na m\u00edru, a&hellip; <a href=\"https:\/\/www.pavaon.cz\/rozmery-a-zase-ty-rozmery\/\" class=\"more-link\">Continue reading <span class=\"screen-reader-text\">Rozm\u011bry a zase ty rozm\u011bry<\/span><\/a>","datePublished":"2024-12-20","dateModified":"2024-12-20","author":{"@type":"Person","@id":"https:\/\/www.pavaon.cz\/author\/#Person","name":"","url":"https:\/\/www.pavaon.cz\/author\/","identifier":1,"image":{"@type":"ImageObject","@id":"https:\/\/secure.gravatar.com\/avatar\/dac37d998cdbc92cc7ee5d23d4d689a369122af40c5450007470acab45b61d68?s=96&d=mm&r=g","url":"https:\/\/secure.gravatar.com\/avatar\/dac37d998cdbc92cc7ee5d23d4d689a369122af40c5450007470acab45b61d68?s=96&d=mm&r=g","height":96,"width":96}},"publisher":{"@type":"Organization","name":"pavaon.cz","logo":{"@type":"ImageObject","@id":"\/logo.png","url":"\/logo.png","width":600,"height":60}},"url":"https:\/\/www.pavaon.cz\/rozmery-a-zase-ty-rozmery\/","wordCount":179,"articleBody":"U\u017e v\u00e1s nebav\u00ed chodit po Ikei a p\u0159em\u011b\u0159ovat rozm\u011bry ka\u017ed\u00e9 sk\u0159\u00ed\u0148ky, digesto\u0159e nebo spor\u00e1ku? Kdo by to pak tak\u00e9 cht\u011bl montovat? Po\u010d\u00edtat \u0161roubek po \u0161roubku a na konci zjistit, \u017ee jeden p\u0159eb\u00fdv\u00e1. Nebo je\u0161t\u011b h\u016f\u0159e \u2013 jeden v\u00e1m do skl\u00e1da\u010dky chyb\u00ed. My bo\u0159\u00edme omezen\u00ed rozm\u011brov\u00fdmi \u0159adami u sektorov\u00fdch kuchyn\u00ed. Vyrob\u00edme v\u00e1m kuchy\u0148 na m\u00edru, a to od z\u00e1kladn\u00ed klasick\u00e9 a\u017e po luxusn\u00ed dle va\u0161ich specifick\u00fdch po\u017eadavk\u016f. Jen na kvalit\u011b se d\u00e1 va\u0159it Jsme rodinn\u00e1 firma, kter\u00e1 je z\u00e1rove\u0148 p\u0159\u00edm\u00fdm prodejcem. Db\u00e1me tedy na precizn\u00ed proveden\u00ed a spokojenost z\u00e1kazn\u00edka. Sta\u010d\u00ed n\u00e1m zaslat va\u0161i p\u0159edstavu pomoc\u00ed e-popt\u00e1vky a my u\u017e v\u00e1mi porad\u00edme. \u0160et\u0159\u00edme v\u00e1\u0161 \u010das pro vym\u00fd\u0161len\u00ed nov\u00fdch recept\u016f ve va\u0161em budouc\u00edm sal\u00f3nu va\u0159en\u00ed. Nezapome\u0148te na ob\u011bd pozvat i babi\u010dku, teti\u010dku a sest\u0159enici z druh\u00e9ho kolene.                                                                                                                                                                                                                                                                                                                                                                                        5\/5 - (1 vote)        "},{"@context":"https:\/\/schema.org\/","@type":"BreadcrumbList","itemListElement":[{"@type":"ListItem","position":1,"name":"Rozm\u011bry a zase ty rozm\u011bry","item":"https:\/\/www.pavaon.cz\/rozmery-a-zase-ty-rozmery\/#breadcrumbitem"}]}]