[{"@context":"https:\/\/schema.org\/","@type":"Article","@id":"https:\/\/www.pavaon.cz\/zima-je-narocna-na-zajisteni-tepla\/#Article","mainEntityOfPage":"https:\/\/www.pavaon.cz\/zima-je-narocna-na-zajisteni-tepla\/","headline":"Zima je n\u00e1ro\u010dn\u00e1 na zaji\u0161t\u011bn\u00ed tepla","name":"Zima je n\u00e1ro\u010dn\u00e1 na zaji\u0161t\u011bn\u00ed tepla","description":"Zima je pro majitele rodinn\u00fdch dom\u016f n\u00e1ro\u010dn\u00e1. Vyt\u00e1p\u011bn\u00ed si ka\u017ed\u00fd mus\u00ed zajistit s\u00e1m a finan\u010de to nen\u00ed \u017e\u00e1dn\u00e1 legrace. S\u00a0velk\u00fdm v\u00fddajem se mus\u00ed po\u010d\u00edtat u\u017e dop\u0159edu. N\u011bkdo pou\u017e\u00edv\u00e1 uhl\u00ed \u010di d\u0159evo, jin\u00fd plyn a dal\u0161\u00ed zase vyu\u017e\u00edv\u00e1 k\u00a0zaji\u0161t\u011bn\u00ed tepla elekt\u0159inu.\u00a0 Pokud je v\u00e1\u0161 d\u016fm star\u00fd, n\u00e1klady se je\u0161t\u011b zv\u00fd\u0161\u00ed. Teplo toti\u017e r\u00e1do unik\u00e1. Star\u00e1 okna&hellip; <a href=\"https:\/\/www.pavaon.cz\/zima-je-narocna-na-zajisteni-tepla\/\" class=\"more-link\">Continue reading <span class=\"screen-reader-text\">Zima je n\u00e1ro\u010dn\u00e1 na zaji\u0161t\u011bn\u00ed tepla<\/span><\/a>","datePublished":"2024-10-27","dateModified":"2024-10-27","author":{"@type":"Person","@id":"https:\/\/www.pavaon.cz\/author\/#Person","name":"","url":"https:\/\/www.pavaon.cz\/author\/","identifier":1,"image":{"@type":"ImageObject","@id":"https:\/\/secure.gravatar.com\/avatar\/dac37d998cdbc92cc7ee5d23d4d689a369122af40c5450007470acab45b61d68?s=96&d=mm&r=g","url":"https:\/\/secure.gravatar.com\/avatar\/dac37d998cdbc92cc7ee5d23d4d689a369122af40c5450007470acab45b61d68?s=96&d=mm&r=g","height":96,"width":96}},"publisher":{"@type":"Organization","name":"pavaon.cz","logo":{"@type":"ImageObject","@id":"\/logo.png","url":"\/logo.png","width":600,"height":60}},"url":"https:\/\/www.pavaon.cz\/zima-je-narocna-na-zajisteni-tepla\/","wordCount":266,"articleBody":"\tZima je pro majitele rodinn\u00fdch dom\u016f n\u00e1ro\u010dn\u00e1. Vyt\u00e1p\u011bn\u00ed si ka\u017ed\u00fd mus\u00ed zajistit s\u00e1m a finan\u010de to nen\u00ed \u017e\u00e1dn\u00e1 legrace. S\u00a0velk\u00fdm v\u00fddajem se mus\u00ed po\u010d\u00edtat u\u017e dop\u0159edu. N\u011bkdo pou\u017e\u00edv\u00e1 uhl\u00ed \u010di d\u0159evo, jin\u00fd plyn a dal\u0161\u00ed zase vyu\u017e\u00edv\u00e1 k\u00a0zaji\u0161t\u011bn\u00ed tepla elekt\u0159inu.\u00a0 Pokud je v\u00e1\u0161 d\u016fm star\u00fd, n\u00e1klady se je\u0161t\u011b zv\u00fd\u0161\u00ed. Teplo toti\u017e r\u00e1do unik\u00e1. Star\u00e1 okna \u010di nezateplen\u00e9 prostory se um\u00ed postarat o opravdu velk\u00fd \u00fanik a o to v\u011bt\u0161\u00ed spot\u0159ebu. Ka\u017ed\u00fd z\u00a0n\u00e1s by ur\u010dit\u011b v\u00fddaje s\u00a0t\u00edm spojen\u00e9 r\u00e1d sn\u00ed\u017eil a pomohl tak rodinn\u00e9mu rozpo\u010dtu. Tak na nic ne\u010dekejte a sni\u017ete n\u00e1klady na teplo je\u0161t\u011b dnes.\tU\u0161et\u0159ete i bez zateplen\u00ed a v\u00fdm\u011bny okenNemus\u00edte hned m\u011bnit star\u00e1 okna nebo zateplovat d\u016fm, to m\u016f\u017eete nechat na pozd\u011bji. Vyu\u017e\u00edv\u00e1te-li k\u00a0zaji\u0161t\u011bn\u00ed tepla elekt\u0159iny nebo plynu, jist\u00e1 \u00faspora za topen\u00ed je mo\u017en\u00e1 i bez t\u011bchto krok\u016f. V\u00edte jak? Zkuste zm\u011bnit jejich dodavatele. Tak jednoduch\u00e9 to je. Schv\u00e1ln\u011b porovnejte nab\u00eddky r\u016fzn\u00fdch dodavatel\u016f a uvid\u00edte hned, kolik korun ro\u010dn\u011b to bude. U\u0161et\u0159it m\u016f\u017eete i tis\u00edce. Pokud si v\u0161ak nejste jisti a m\u00e1te n\u011bjak\u00e9 ot\u00e1zky, nebojte se a nechte si s\u00a0touto zm\u011bnou pomoci, a\u0165 m\u00e1te jistotu, \u017ee v\u0161e prob\u011bhne v\u00a0po\u0159\u00e1dku.                                                                                                                                                                                                                                                                                                                                                                                        4\/5 - (3 votes)        "},{"@context":"https:\/\/schema.org\/","@type":"BreadcrumbList","itemListElement":[{"@type":"ListItem","position":1,"name":"Zima je n\u00e1ro\u010dn\u00e1 na zaji\u0161t\u011bn\u00ed tepla","item":"https:\/\/www.pavaon.cz\/zima-je-narocna-na-zajisteni-tepla\/#breadcrumbitem"}]}]